{"id":70,"count":1,"description":"(1995) encuentra sus ra\u00edces en Larraix, Marruecos, y sus alas en Barcelona. Los ideales de convivencia de su abuelo, la fuerza y belleza de la migraci\u00f3n de su madre, y otras coincidencias m\u00e1gicas del maktoub (\u201cdestino\u201d en \u00e1rabe) la han llevado a ver la escritura como una forma de activismo. Cree que la poes\u00eda genera puentes de emociones y humanidad que favorecen espacios seguros donde todas crecemos y nos escuchamos sin juicios ni prejuicios. Lidera eventos municipales y dinamiza talleres sobre islamofobia, racismo, discurso de odio, o sobre el artivismo (arte como herramienta de activismo). Desde el a\u00f1o 2017, comparte sus poemas en ingl\u00e9s, castellano y catal\u00e1n y ha participado en recitales en Barcelona, Girona, Lleida, Par\u00eds, Londres, Berl\u00edn y Estocolmo, entre otros. Mares Migrants es su primer libro. Copyright de la imagen de la autora: Heidi Ram\u00edrez.","link":"https:\/\/editorialjande.com\/es\/autor\/fatima-saheb\/","name":"F\u00e1tima Saheb","slug":"fatima-saheb","taxonomy":"autor","parent":0,"meta":[],"acf":[],"_links":{"self":[{"href":"https:\/\/editorialjande.com\/es\/wp-json\/wp\/v2\/autor\/70","targetHints":{"allow":["GET"]}}],"collection":[{"href":"https:\/\/editorialjande.com\/es\/wp-json\/wp\/v2\/autor"}],"about":[{"href":"https:\/\/editorialjande.com\/es\/wp-json\/wp\/v2\/taxonomies\/autor"}],"wp:post_type":[{"href":"https:\/\/editorialjande.com\/es\/wp-json\/wp\/v2\/product?autor=70"}],"curies":[{"name":"wp","href":"https:\/\/api.w.org\/{rel}","templated":true}]}}