{"id":1684,"date":"2024-07-03T11:59:59","date_gmt":"2024-07-03T11:59:59","guid":{"rendered":"https:\/\/editorialjande.com\/?p=1684"},"modified":"2025-11-17T16:59:10","modified_gmt":"2025-11-17T16:59:10","slug":"aissata-mballo-i-diana-rahmouni-jande-editorial","status":"publish","type":"post","link":"https:\/\/editorialjande.com\/fr\/aissata-mballo-i-diana-rahmouni-jande-editorial\/","title":{"rendered":"Aissata M\u2019ballo et Diana Rahmouni, JANDE Editorial"},"content":{"rendered":"<p><span style=\"font-weight: 400;\">Programa presentat per Marc Gir\u00f3<\/span><\/p>\n<p><a href=\"https:\/\/www.rac1.cat\/a-la-carta\/detail\/c29d124f-fdfc-46d5-b857-b1a200e2470e\" target=\"_blank\" rel=\"noopener noreferrer nofollow\">Vost\u00e8 Primer (RAC1)<\/a><\/p>","protected":false},"excerpt":{"rendered":"<p>Programme pr\u00e9sent\u00e9 par Marc Gir\u00f3 Vost\u00e8 Primer (RAC1)<\/p>","protected":false},"author":4,"featured_media":0,"comment_status":"closed","ping_status":"closed","sticky":false,"template":"","format":"standard","meta":{"_acf_changed":false,"footnotes":""},"categories":[1],"tags":[101],"class_list":["post-1684","post","type-post","status-publish","format-standard","hentry","category-premsa","tag-jande"],"acf":[],"_links":{"self":[{"href":"https:\/\/editorialjande.com\/fr\/wp-json\/wp\/v2\/posts\/1684","targetHints":{"allow":["GET"]}}],"collection":[{"href":"https:\/\/editorialjande.com\/fr\/wp-json\/wp\/v2\/posts"}],"about":[{"href":"https:\/\/editorialjande.com\/fr\/wp-json\/wp\/v2\/types\/post"}],"author":[{"embeddable":true,"href":"https:\/\/editorialjande.com\/fr\/wp-json\/wp\/v2\/users\/4"}],"replies":[{"embeddable":true,"href":"https:\/\/editorialjande.com\/fr\/wp-json\/wp\/v2\/comments?post=1684"}],"version-history":[{"count":2,"href":"https:\/\/editorialjande.com\/fr\/wp-json\/wp\/v2\/posts\/1684\/revisions"}],"predecessor-version":[{"id":1686,"href":"https:\/\/editorialjande.com\/fr\/wp-json\/wp\/v2\/posts\/1684\/revisions\/1686"}],"wp:attachment":[{"href":"https:\/\/editorialjande.com\/fr\/wp-json\/wp\/v2\/media?parent=1684"}],"wp:term":[{"taxonomy":"category","embeddable":true,"href":"https:\/\/editorialjande.com\/fr\/wp-json\/wp\/v2\/categories?post=1684"},{"taxonomy":"post_tag","embeddable":true,"href":"https:\/\/editorialjande.com\/fr\/wp-json\/wp\/v2\/tags?post=1684"}],"curies":[{"name":"wp","href":"https:\/\/api.w.org\/{rel}","templated":true}]}}