{"id":1944,"date":"2025-02-24T11:52:59","date_gmt":"2025-02-24T11:52:59","guid":{"rendered":"https:\/\/editorialjande.com\/?p=1944"},"modified":"2025-11-17T16:56:25","modified_gmt":"2025-11-17T16:56:25","slug":"journal-maintenant-ouverture-de-la-section-culture-interview-laura-serra","status":"publish","type":"post","link":"https:\/\/editorialjande.com\/fr\/journal-maintenant-ouverture-de-la-section-culture-interview-laura-serra\/","title":{"rendered":"F\u00e0tima Saheb: \"\u00c0 l'\u00e9cole, on m'a dit qu'ils avaient vu comment ils tuaient mon p\u00e8re \u00e0 la t\u00e9l\u00e9vision : c'\u00e9tait Saddam Hussein\""},"content":{"rendered":"<p>24\/02\/2025<\/p>\n<p><a href=\"https:\/\/www.ara.cat\/llengua\/col-legi-em-dir-havien-vist-mataven-pare-televisio-saddam-hussein_128_5287049.html\" target=\"_blank\" rel=\"noopener noreferrer nofollow\"><strong>Diari Ara<\/strong> (couverture de la Culture) : interview par Laura Serra<\/a><\/p>","protected":false},"excerpt":{"rendered":"<p>24\/02\/2025 Diari Ara (une de la Culture) : interview par Laura Serra<\/p>","protected":false},"author":3,"featured_media":0,"comment_status":"closed","ping_status":"closed","sticky":false,"template":"","format":"standard","meta":{"_acf_changed":false,"footnotes":""},"categories":[1],"tags":[81,100,77],"class_list":["post-1944","post","type-post","status-publish","format-standard","hentry","category-premsa","tag-fatima-saheb","tag-madres-migrantes-2","tag-mares-migrants"],"acf":[],"_links":{"self":[{"href":"https:\/\/editorialjande.com\/fr\/wp-json\/wp\/v2\/posts\/1944","targetHints":{"allow":["GET"]}}],"collection":[{"href":"https:\/\/editorialjande.com\/fr\/wp-json\/wp\/v2\/posts"}],"about":[{"href":"https:\/\/editorialjande.com\/fr\/wp-json\/wp\/v2\/types\/post"}],"author":[{"embeddable":true,"href":"https:\/\/editorialjande.com\/fr\/wp-json\/wp\/v2\/users\/3"}],"replies":[{"embeddable":true,"href":"https:\/\/editorialjande.com\/fr\/wp-json\/wp\/v2\/comments?post=1944"}],"version-history":[{"count":9,"href":"https:\/\/editorialjande.com\/fr\/wp-json\/wp\/v2\/posts\/1944\/revisions"}],"predecessor-version":[{"id":2259,"href":"https:\/\/editorialjande.com\/fr\/wp-json\/wp\/v2\/posts\/1944\/revisions\/2259"}],"wp:attachment":[{"href":"https:\/\/editorialjande.com\/fr\/wp-json\/wp\/v2\/media?parent=1944"}],"wp:term":[{"taxonomy":"category","embeddable":true,"href":"https:\/\/editorialjande.com\/fr\/wp-json\/wp\/v2\/categories?post=1944"},{"taxonomy":"post_tag","embeddable":true,"href":"https:\/\/editorialjande.com\/fr\/wp-json\/wp\/v2\/tags?post=1944"}],"curies":[{"name":"wp","href":"https:\/\/api.w.org\/{rel}","templated":true}]}}