{"id":1948,"date":"2025-03-02T11:55:43","date_gmt":"2025-03-02T11:55:43","guid":{"rendered":"https:\/\/editorialjande.com\/?p=1948"},"modified":"2025-11-17T16:55:39","modified_gmt":"2025-11-17T16:55:39","slug":"fatima-saheb-meres-migrantes-la-ou-nait-la-bravoure","status":"publish","type":"post","link":"https:\/\/editorialjande.com\/fr\/fatima-saheb-meres-migrantes-la-ou-nait-la-bravoure\/","title":{"rendered":"F\u00e1tima Saheb. M\u00e8res migrantes, l\u00e0 o\u00f9 na\u00eet le courage"},"content":{"rendered":"<p>02\/03\/2025<\/p>\n<p><a href=\"https:\/\/www.rtve.es\/play\/audios\/mediterraneo\/fatima-saheb-madres-migrantes-donde-nace-valentia-02-03-25\/16472018\/\" target=\"_blank\" rel=\"noopener noreferrer nofollow\"><b>M\u00e9diterran\u00e9e (Radio3)<\/b>: p<span style=\"font-weight: 400;\">rogramme pr\u00e9sent\u00e9 par Pilar Sampietro<\/span><\/a><\/p>","protected":false},"excerpt":{"rendered":"<p>02\/03\/2025 M\u00e9diterran\u00e9e (Radio3) : programme pr\u00e9sent\u00e9 par Pilar Sampietro<\/p>","protected":false},"author":3,"featured_media":0,"comment_status":"closed","ping_status":"closed","sticky":false,"template":"","format":"standard","meta":{"_acf_changed":false,"footnotes":""},"categories":[1],"tags":[81,100,77],"class_list":["post-1948","post","type-post","status-publish","format-standard","hentry","category-premsa","tag-fatima-saheb","tag-madres-migrantes-2","tag-mares-migrants"],"acf":[],"_links":{"self":[{"href":"https:\/\/editorialjande.com\/fr\/wp-json\/wp\/v2\/posts\/1948","targetHints":{"allow":["GET"]}}],"collection":[{"href":"https:\/\/editorialjande.com\/fr\/wp-json\/wp\/v2\/posts"}],"about":[{"href":"https:\/\/editorialjande.com\/fr\/wp-json\/wp\/v2\/types\/post"}],"author":[{"embeddable":true,"href":"https:\/\/editorialjande.com\/fr\/wp-json\/wp\/v2\/users\/3"}],"replies":[{"embeddable":true,"href":"https:\/\/editorialjande.com\/fr\/wp-json\/wp\/v2\/comments?post=1948"}],"version-history":[{"count":3,"href":"https:\/\/editorialjande.com\/fr\/wp-json\/wp\/v2\/posts\/1948\/revisions"}],"predecessor-version":[{"id":2258,"href":"https:\/\/editorialjande.com\/fr\/wp-json\/wp\/v2\/posts\/1948\/revisions\/2258"}],"wp:attachment":[{"href":"https:\/\/editorialjande.com\/fr\/wp-json\/wp\/v2\/media?parent=1948"}],"wp:term":[{"taxonomy":"category","embeddable":true,"href":"https:\/\/editorialjande.com\/fr\/wp-json\/wp\/v2\/categories?post=1948"},{"taxonomy":"post_tag","embeddable":true,"href":"https:\/\/editorialjande.com\/fr\/wp-json\/wp\/v2\/tags?post=1948"}],"curies":[{"name":"wp","href":"https:\/\/api.w.org\/{rel}","templated":true}]}}