{"id":1974,"date":"2025-03-10T13:29:06","date_gmt":"2025-03-10T13:29:06","guid":{"rendered":"https:\/\/editorialjande.com\/?p=1974"},"modified":"2025-03-10T13:31:44","modified_gmt":"2025-03-10T13:31:44","slug":"fille-de-migrants-voulait-aller-a-disney-en-ete-pas-au-maroc","status":"publish","type":"post","link":"https:\/\/editorialjande.com\/fr\/fille-de-migrants-voulait-aller-a-disney-en-ete-pas-au-maroc\/","title":{"rendered":"Fille de migrants : \"En \u00e9t\u00e9, je voulais aller \u00e0 Disney, pas au Maroc\""},"content":{"rendered":"<p>05\/03\/2025<\/p>\n<p><a href=\"https:\/\/www.3cat.cat\/3cat\/filla-de-migrants-a-lestiu-volia-anar-a-disney-no-al-marroc\/audio\/1236830\/?ext=SM_WP_F4_CE24_\" target=\"_blank\" rel=\"noopener noreferrer nofollow\"><strong>Les femmes et les jours<\/strong> (3Cat) : programme pr\u00e9sent\u00e9 par Montse Virgili<\/a><\/p>","protected":false},"excerpt":{"rendered":"<p>05\/03\/2025 Les femmes et les jours (3Cat): programme pr\u00e9sent\u00e9 par Montse Virgili<\/p>","protected":false},"author":4,"featured_media":0,"comment_status":"closed","ping_status":"closed","sticky":false,"template":"","format":"standard","meta":{"_acf_changed":false,"footnotes":""},"categories":[1],"tags":[77],"class_list":["post-1974","post","type-post","status-publish","format-standard","hentry","category-premsa","tag-mares-migrants"],"acf":[],"_links":{"self":[{"href":"https:\/\/editorialjande.com\/fr\/wp-json\/wp\/v2\/posts\/1974","targetHints":{"allow":["GET"]}}],"collection":[{"href":"https:\/\/editorialjande.com\/fr\/wp-json\/wp\/v2\/posts"}],"about":[{"href":"https:\/\/editorialjande.com\/fr\/wp-json\/wp\/v2\/types\/post"}],"author":[{"embeddable":true,"href":"https:\/\/editorialjande.com\/fr\/wp-json\/wp\/v2\/users\/4"}],"replies":[{"embeddable":true,"href":"https:\/\/editorialjande.com\/fr\/wp-json\/wp\/v2\/comments?post=1974"}],"version-history":[{"count":4,"href":"https:\/\/editorialjande.com\/fr\/wp-json\/wp\/v2\/posts\/1974\/revisions"}],"predecessor-version":[{"id":1982,"href":"https:\/\/editorialjande.com\/fr\/wp-json\/wp\/v2\/posts\/1974\/revisions\/1982"}],"wp:attachment":[{"href":"https:\/\/editorialjande.com\/fr\/wp-json\/wp\/v2\/media?parent=1974"}],"wp:term":[{"taxonomy":"category","embeddable":true,"href":"https:\/\/editorialjande.com\/fr\/wp-json\/wp\/v2\/categories?post=1974"},{"taxonomy":"post_tag","embeddable":true,"href":"https:\/\/editorialjande.com\/fr\/wp-json\/wp\/v2\/tags?post=1974"}],"curies":[{"name":"wp","href":"https:\/\/api.w.org\/{rel}","templated":true}]}}