{"id":1996,"date":"2025-03-17T13:06:33","date_gmt":"2025-03-17T13:06:33","guid":{"rendered":"https:\/\/editorialjande.com\/?p=1996"},"modified":"2025-03-17T13:08:48","modified_gmt":"2025-03-17T13:08:48","slug":"nouvelles-3-24-aissata-mballo-diao-je-ne-me-suis-pas-sentie-representee-sur-la-couverture-dun-livre-jusqua-lage-de-23-ans","status":"publish","type":"post","link":"https:\/\/editorialjande.com\/fr\/nouvelles-3-24-aissata-mballo-diao-je-ne-me-suis-pas-sentie-representee-sur-la-couverture-dun-livre-jusqua-lage-de-23-ans\/","title":{"rendered":"Not\u00edcies 3\/24: Aissata Mballo Diao: \"Je ne me suis pas sentie repr\u00e9sent\u00e9e sur la couverture d'un livre avant l'\u00e2ge de 23 ans\""},"content":{"rendered":"<p>13\/03\/2025<\/p>\n<p><a href=\"https:\/\/www.3cat.cat\/3cat\/aissata-mballo-diao-no-em-vaig-sentir-representada-en-la-coberta-dun-llibre-fins-als-23-anys\/video\/6330195\/\" target=\"_blank\" rel=\"noopener noreferrer nofollow\"><strong>Plus 324<\/strong> (3Cat) : entrevue avec Marina Romero<\/a><\/p>","protected":false},"excerpt":{"rendered":"<p>13\/03\/2025 M\u00e9s 324 (3Cat) : entrevue avec Marina Romero<\/p>","protected":false},"author":4,"featured_media":0,"comment_status":"closed","ping_status":"closed","sticky":false,"template":"","format":"standard","meta":{"_acf_changed":false,"footnotes":""},"categories":[1],"tags":[79,78],"class_list":["post-1996","post","type-post","status-publish","format-standard","hentry","category-premsa","tag-mariama-ba","tag-una-carta-molt-llarga"],"acf":[],"_links":{"self":[{"href":"https:\/\/editorialjande.com\/fr\/wp-json\/wp\/v2\/posts\/1996","targetHints":{"allow":["GET"]}}],"collection":[{"href":"https:\/\/editorialjande.com\/fr\/wp-json\/wp\/v2\/posts"}],"about":[{"href":"https:\/\/editorialjande.com\/fr\/wp-json\/wp\/v2\/types\/post"}],"author":[{"embeddable":true,"href":"https:\/\/editorialjande.com\/fr\/wp-json\/wp\/v2\/users\/4"}],"replies":[{"embeddable":true,"href":"https:\/\/editorialjande.com\/fr\/wp-json\/wp\/v2\/comments?post=1996"}],"version-history":[{"count":3,"href":"https:\/\/editorialjande.com\/fr\/wp-json\/wp\/v2\/posts\/1996\/revisions"}],"predecessor-version":[{"id":2002,"href":"https:\/\/editorialjande.com\/fr\/wp-json\/wp\/v2\/posts\/1996\/revisions\/2002"}],"wp:attachment":[{"href":"https:\/\/editorialjande.com\/fr\/wp-json\/wp\/v2\/media?parent=1996"}],"wp:term":[{"taxonomy":"category","embeddable":true,"href":"https:\/\/editorialjande.com\/fr\/wp-json\/wp\/v2\/categories?post=1996"},{"taxonomy":"post_tag","embeddable":true,"href":"https:\/\/editorialjande.com\/fr\/wp-json\/wp\/v2\/tags?post=1996"}],"curies":[{"name":"wp","href":"https:\/\/api.w.org\/{rel}","templated":true}]}}